{"id":6416,"date":"2015-09-23T08:14:48","date_gmt":"2015-09-23T12:24:00","guid":{"rendered":"http:\/\/www.conservationcouncil.ca\/?p=6416"},"modified":"2015-09-23T09:24:00","modified_gmt":"2015-09-23T12:24:00","slug":"communique-de-ccnb-sur-la-journee-nationale-de-larbre","status":"publish","type":"post","link":"https:\/\/www.conservationcouncil.ca\/fr\/communique-de-ccnb-sur-la-journee-nationale-de-larbre\/","title":{"rendered":"Communiqu\u00e9 de CCNB sur la journ\u00e9e nationale de l\u2019arbre"},"content":{"rendered":"<p><a href=\"http:\/\/www.conservationcouncil.ca\/wp-content\/uploads\/2015\/09\/ayers-lake-forest-9026-min.jpg\"><img fetchpriority=\"high\" decoding=\"async\" class=\"aligncenter size-large wp-image-6411\" src=\"http:\/\/www.conservationcouncil.ca\/wp-content\/uploads\/2015\/09\/ayers-lake-forest-9026-min-640x426.jpg\" alt=\"ayers-lake-forest-9026-min\" width=\"640\" height=\"426\" srcset=\"https:\/\/www.conservationcouncil.ca\/wp-content\/uploads\/2015\/09\/ayers-lake-forest-9026-min-640x426.jpg 640w, https:\/\/www.conservationcouncil.ca\/wp-content\/uploads\/2015\/09\/ayers-lake-forest-9026-min-600x399.jpg 600w, https:\/\/www.conservationcouncil.ca\/wp-content\/uploads\/2015\/09\/ayers-lake-forest-9026-min-300x200.jpg 300w, https:\/\/www.conservationcouncil.ca\/wp-content\/uploads\/2015\/09\/ayers-lake-forest-9026-min.jpg 1024w\" sizes=\"(max-width: 640px) 100vw, 640px\" \/><\/a><\/p>\n<p><strong>Fredericton-<\/strong> Stephanie Merrill, directrice ex\u00e9cutive int\u00e9rimaire du Conseil de Conservation du Nouveau-Brunswick, \u00e9mis la d\u00e9claration suivante pour souligner la journ\u00e9e nationale de l\u2019arbre le 23 septembre 2015\u00a0:<\/p>\n<p>\u00ab Nous pensons qu\u2019il est appropri\u00e9 que la journ\u00e9e nationale de l\u2019arbre est durant le temps de l\u2019ann\u00e9e o\u00f9 les feuilles commencent \u00e0 changer de couleurs et peindre nos parcs, for\u00eats et communaut\u00e9s en couleurs d\u2019automne.<\/p>\n<p>Pendant qu\u2019ont c\u00e9l\u00e8bre la journ\u00e9e nationale de l\u2019arbre cette ann\u00e9e, nous voulons aussi r\u00e9fl\u00e9chir aux changements de notre for\u00eat mixte acadienne vers une for\u00eat plus homog\u00e8ne d\u2019\u00e9pinette noire et de pin gris.<\/p>\n<p>Plut\u00f4t cette ann\u00e9e, la v\u00e9rificatrice g\u00e9n\u00e9rale Kim MacPherson a pr\u00e9sent\u00e9 son rapport de l\u2019examen du programme de sylviculture du minist\u00e8re des Ressources naturelles. Le rapport de Mme MacPherson a d\u00e9termin\u00e9 que le minist\u00e8re n&rsquo;a pas accompli tous ses responsabilit\u00e9s de gestion et de surveillance pendant la p\u00e9riode de l\u2019audit (2009-2014).<\/p>\n<p>De plus, Mme MacPherson note que les pratiques exemplaires de durabilit\u00e9 des for\u00eats ont \u00e9t\u00e9, dans la province, continuellement subordonn\u00e9es \u00e0 la volont\u00e9 du secteur priv\u00e9. Malgr\u00e9 les multiples appels pour une r\u00e9duction des coupes \u00e0 blanc, la v\u00e9rificatrice g\u00e9n\u00e9rale mentionne qu\u2019au cours des derniers dix ann\u00e9es, 80% de tout le bois coup\u00e9 dans les for\u00eats publiques l\u2019a \u00e9t\u00e9 au moyen de la coupe \u00e0 blanc. Pendant cette m\u00eame p\u00e9riode, la coupe s\u00e9lective est pass\u00e9e de 20% \u00e0 10%.<\/p>\n<p>La v\u00e9rificatrice g\u00e9n\u00e9rale recommande au minist\u00e8re des Ressources naturelles de r\u00e9duire la coupe \u00e0 blanc sur les terres du publique. Cette recommandation, ainsi que les autres inclus dans le rapport de la v\u00e9rificatrice g\u00e9n\u00e9rale, vont aider \u00e0 assurer que nous serons capable de c\u00e9l\u00e9brer la journ\u00e9e nationale de l\u2019arbre et notre for\u00eat acadienne pour de nombreuses g\u00e9n\u00e9rations \u00e0 venir.<\/p>\n<p style=\"text-align: center;\">-30-<\/p>\n<p><strong>Pour organiser une entrevue, veuillez contacter\u00a0: <\/strong><\/p>\n<p>Jon MacNeill, directeur de communication, 458-8747, 234-1353,<\/p>\n<p><a href=\"mailto:jon.macneill@conservationcouncil.ca\">jon.macneill@conservationcouncil.ca<\/a><\/p>\n","protected":false},"excerpt":{"rendered":"<p>Fredericton- Stephanie Merrill, directrice ex\u00e9cutive int\u00e9rimaire du Conseil de Conservation du Nouveau-Brunswick, \u00e9mis la d\u00e9claration suivante pour souligner la journ\u00e9e nationale de l\u2019arbre le 23 septembre 2015\u00a0: \u00ab Nous pensons qu\u2019il est appropri\u00e9 que la journ\u00e9e nationale de l\u2019arbre est durant le temps de l\u2019ann\u00e9e o\u00f9 les feuilles commencent \u00e0 changer de couleurs et peindre [&hellip;]<\/p>\n","protected":false},"author":9,"featured_media":6411,"comment_status":"closed","ping_status":"closed","sticky":false,"template":"","format":"standard","meta":{"site-sidebar-layout":"default","site-content-layout":"","ast-site-content-layout":"default","site-content-style":"default","site-sidebar-style":"default","ast-global-header-display":"","ast-banner-title-visibility":"","ast-main-header-display":"","ast-hfb-above-header-display":"","ast-hfb-below-header-display":"","ast-hfb-mobile-header-display":"","site-post-title":"","ast-breadcrumbs-content":"","ast-featured-img":"","footer-sml-layout":"","ast-disable-related-posts":"","theme-transparent-header-meta":"","adv-header-id-meta":"","stick-header-meta":"","header-above-stick-meta":"","header-main-stick-meta":"","header-below-stick-meta":"","astra-migrate-meta-layouts":"default","ast-page-background-enabled":"default","ast-page-background-meta":{"desktop":{"background-color":"","background-image":"","background-repeat":"repeat","background-position":"center center","background-size":"auto","background-attachment":"scroll","background-type":"","background-media":"","overlay-type":"","overlay-color":"","overlay-opacity":"","overlay-gradient":""},"tablet":{"background-color":"","background-image":"","background-repeat":"repeat","background-position":"center center","background-size":"auto","background-attachment":"scroll","background-type":"","background-media":"","overlay-type":"","overlay-color":"","overlay-opacity":"","overlay-gradient":""},"mobile":{"background-color":"","background-image":"","background-repeat":"repeat","background-position":"center center","background-size":"auto","background-attachment":"scroll","background-type":"","background-media":"","overlay-type":"","overlay-color":"","overlay-opacity":"","overlay-gradient":""}},"ast-content-background-meta":{"desktop":{"background-color":"var(--ast-global-color-5)","background-image":"","background-repeat":"repeat","background-position":"center center","background-size":"auto","background-attachment":"scroll","background-type":"","background-media":"","overlay-type":"","overlay-color":"","overlay-opacity":"","overlay-gradient":""},"tablet":{"background-color":"var(--ast-global-color-5)","background-image":"","background-repeat":"repeat","background-position":"center center","background-size":"auto","background-attachment":"scroll","background-type":"","background-media":"","overlay-type":"","overlay-color":"","overlay-opacity":"","overlay-gradient":""},"mobile":{"background-color":"var(--ast-global-color-5)","background-image":"","background-repeat":"repeat","background-position":"center center","background-size":"auto","background-attachment":"scroll","background-type":"","background-media":"","overlay-type":"","overlay-color":"","overlay-opacity":"","overlay-gradient":""}},"footnotes":""},"categories":[174],"tags":[],"class_list":["post-6416","post","type-post","status-publish","format-standard","has-post-thumbnail","hentry","category-communiques-de-presse"],"_links":{"self":[{"href":"https:\/\/www.conservationcouncil.ca\/fr\/wp-json\/wp\/v2\/posts\/6416","targetHints":{"allow":["GET"]}}],"collection":[{"href":"https:\/\/www.conservationcouncil.ca\/fr\/wp-json\/wp\/v2\/posts"}],"about":[{"href":"https:\/\/www.conservationcouncil.ca\/fr\/wp-json\/wp\/v2\/types\/post"}],"author":[{"embeddable":true,"href":"https:\/\/www.conservationcouncil.ca\/fr\/wp-json\/wp\/v2\/users\/9"}],"replies":[{"embeddable":true,"href":"https:\/\/www.conservationcouncil.ca\/fr\/wp-json\/wp\/v2\/comments?post=6416"}],"version-history":[{"count":0,"href":"https:\/\/www.conservationcouncil.ca\/fr\/wp-json\/wp\/v2\/posts\/6416\/revisions"}],"wp:featuredmedia":[{"embeddable":true,"href":"https:\/\/www.conservationcouncil.ca\/fr\/wp-json\/wp\/v2\/media\/6411"}],"wp:attachment":[{"href":"https:\/\/www.conservationcouncil.ca\/fr\/wp-json\/wp\/v2\/media?parent=6416"}],"wp:term":[{"taxonomy":"category","embeddable":true,"href":"https:\/\/www.conservationcouncil.ca\/fr\/wp-json\/wp\/v2\/categories?post=6416"},{"taxonomy":"post_tag","embeddable":true,"href":"https:\/\/www.conservationcouncil.ca\/fr\/wp-json\/wp\/v2\/tags?post=6416"}],"curies":[{"name":"wp","href":"https:\/\/api.w.org\/{rel}","templated":true}]}}