{"id":158126,"date":"2020-11-12T11:46:28","date_gmt":"2020-11-12T15:46:28","guid":{"rendered":"http:\/\/www.conservationcouncil.ca\/sign-up-for-our-2020-annual-general-meeting-nov-21\/"},"modified":"2020-11-12T13:19:35","modified_gmt":"2020-11-12T17:19:35","slug":"sign-up-for-our-2020-annual-general-meeting-nov-21","status":"publish","type":"post","link":"https:\/\/www.conservationcouncil.ca\/fr\/sign-up-for-our-2020-annual-general-meeting-nov-21\/","title":{"rendered":"Invitation \u00e0 notre AGA virtuelle du 21 novembre 2020"},"content":{"rendered":"\t\t<div data-elementor-type=\"wp-post\" data-elementor-id=\"158126\" class=\"elementor elementor-158126 elementor-157923\" data-elementor-post-type=\"post\">\n\t\t\t\t\t\t<section class=\"elementor-section elementor-top-section elementor-element elementor-element-821fb2d elementor-section-boxed elementor-section-height-default elementor-section-height-default\" data-id=\"821fb2d\" data-element_type=\"section\">\n\t\t\t\t\t\t<div class=\"elementor-container elementor-column-gap-default\">\n\t\t\t\t\t<div class=\"elementor-column elementor-col-100 elementor-top-column elementor-element elementor-element-9cd7f5c\" data-id=\"9cd7f5c\" data-element_type=\"column\" data-settings=\"{&quot;background_background&quot;:&quot;gradient&quot;}\">\n\t\t\t<div class=\"elementor-widget-wrap elementor-element-populated\">\n\t\t\t\t\t\t<div class=\"elementor-element elementor-element-a2c5deb elementor-widget elementor-widget-heading\" data-id=\"a2c5deb\" data-element_type=\"widget\" data-widget_type=\"heading.default\">\n\t\t\t\t<div class=\"elementor-widget-container\">\n\t\t\t\t\t<h2 class=\"elementor-heading-title elementor-size-default\">51e assembl\u00e9e g\u00e9n\u00e9rale annuelle du Conseil de conservation du Nouveau-Brunswick<\/h2>\t\t\t\t<\/div>\n\t\t\t\t<\/div>\n\t\t\t\t<div class=\"elementor-element elementor-element-c59b236 elementor-widget elementor-widget-text-editor\" data-id=\"c59b236\" data-element_type=\"widget\" data-widget_type=\"text-editor.default\">\n\t\t\t\t<div class=\"elementor-widget-container\">\n\t\t\t\t\t\t\t\t\t<h4 dir=\"ltr\"><span style=\"color: #00446a;\">Nous passons en mode virtuel!\u00a0<\/span><\/h4><p><strong>Chers membres, supporteurs, amis et N\u00e9o-Brunswickois de la Baie de Chaleur \u00e0 la Baie de Fundy, nous esp\u00e9rons que vous pourrez participer \u00e0 notre 51<\/strong><strong>e<\/strong><strong> assembl\u00e9e g\u00e9n\u00e9rale annuelle pr\u00e9vue le samedi 21 novembre 2020, de 10 h \u00e0 12 h 30.\u00a0<\/strong><\/p><p><strong>\u00c0 la lumi\u00e8re de l\u2019\u00e9volution de la pand\u00e9mie de la COVID-19, nous avons d\u00e9cid\u00e9 qu\u2019une r\u00e9union virtuelle \u00e9tait la fa\u00e7on la plus s\u00e9curitaire d\u2019organiser notre assembl\u00e9e g\u00e9n\u00e9rale annuelle (AGA).\u00a0Utilisez le formulaire ci-dessous pour vous inscrire.<\/strong><\/p><p><strong>Nous avons pr\u00e9par\u00e9 de fantastiques expos\u00e9s \u00e0 partir des pr\u00e9sentations que les responsables de nos programmes ont faites concernant le travail que nous avons accompli au cours des 12 derniers mois. De plus, le prix annuel du journalisme environnemental Beth McLaughlin sera remis durant l\u2019AGA virtuelle, et Madame Louise Comeau, Ph.D., y pr\u00e9sentera \u00e9galement une mise \u00e0 jour du fantastique projet de production \u00e9lectrique propre.\u00a0<\/strong><\/p><h4><strong>Comment cette r\u00e9union virtuelle se fera-t-elle?<br \/><\/strong><\/h4><p><strong>Nous avons un compte s\u00e9curis\u00e9 avec la compagnie de vid\u00e9oconf\u00e9rence Zoom. Depuis le d\u00e9but de la pand\u00e9mie, notre \u00e9quipe, nos b\u00e9n\u00e9voles et notre conseil d\u2019administration ont utilis\u00e9 Zoom pour organiser des r\u00e9unions virtuelles. Toutes nos r\u00e9unions sont prot\u00e9g\u00e9es par mot de passe, et nous utilisons une \u00ab\u00a0salle d\u2019attente\u00a0\u00bb comme dispositif de s\u00e9curit\u00e9 suppl\u00e9mentaire pour assurer la s\u00e9curit\u00e9 de nos r\u00e9unions.\u00a0<\/strong><\/p><p><strong>Cette ann\u00e9e, apr\u00e8s votre inscription \u00e0 l\u2019AGA virtuelle, nous vous enverrons, quelques jours avant l\u2019assembl\u00e9e, un courriel contenant les d\u00e9tails de la rencontre ainsi que des instructions\u00a0 simples sur la fa\u00e7on d\u2019y participer. Si vous ne disposez pas d\u2019un acc\u00e8s Internet fiable ou ne pouvez pas vous joindre \u00e0 l\u2019assembl\u00e9e sur un ordinateur de bureau, un ordinateur portable ou un t\u00e9l\u00e9phone intelligent, vous pourrez tout de m\u00eame assister \u00e0 la r\u00e9union en appelant un num\u00e9ro sans frais que nous vous donnerons en m\u00eame temps que l\u2019invitation.<\/strong><\/p><p><strong>\u00c0 titre de pr\u00e9caution suppl\u00e9mentaire, nous vous demandons de ne pas partager l\u2019information de connexion sur les m\u00e9dias sociaux. N\u2019h\u00e9sitez en aucun cas \u00e0 faire la promotion de l\u2019AGA (qui sera, bien s\u00fbr, gratuite pour tous les N\u00e9o-Brunswickois qui souhaitent y assister), mais, s\u2019il vous pla\u00eet, demandez aux gens de s\u2019inscrire sur notre site Web!<\/strong><\/p><p><strong>Nous vous enverrons l\u2019ordre du jour complet de l\u2019AGA durant les prochaines semaines.<\/strong><\/p><p><strong>Nous vous remercions de votre attention et nous r\u00e9jouissons de vous revoir le 21\u00a0novembre!\u00a0<\/strong><\/p>\t\t\t\t\t\t\t\t<\/div>\n\t\t\t\t<\/div>\n\t\t\t\t<div class=\"elementor-element elementor-element-c676310 elementor-widget elementor-widget-heading\" data-id=\"c676310\" data-element_type=\"widget\" data-widget_type=\"heading.default\">\n\t\t\t\t<div class=\"elementor-widget-container\">\n\t\t\t\t\t<h3 class=\"elementor-heading-title elementor-size-medium\">Enregistrez-vous pour notre 51e assembl\u00e9e \ng\u00e9n\u00e9rale annuelle aujourd'hui!<\/h3>\t\t\t\t<\/div>\n\t\t\t\t<\/div>\n\t\t\t\t<section class=\"elementor-section elementor-inner-section elementor-element elementor-element-3e2ae88 elementor-section-boxed elementor-section-height-default elementor-section-height-default\" data-id=\"3e2ae88\" data-element_type=\"section\">\n\t\t\t\t\t\t<div class=\"elementor-container elementor-column-gap-default\">\n\t\t\t\t\t<div class=\"elementor-column elementor-col-100 elementor-inner-column elementor-element elementor-element-a994587\" data-id=\"a994587\" data-element_type=\"column\" data-settings=\"{&quot;background_background&quot;:&quot;gradient&quot;}\">\n\t\t\t<div class=\"elementor-widget-wrap\">\n\t\t\t\t\t\t\t<\/div>\n\t\t<\/div>\n\t\t\t\t\t<\/div>\n\t\t<\/section>\n\t\t\t\t\t<\/div>\n\t\t<\/div>\n\t\t\t\t\t<\/div>\n\t\t<\/section>\n\t\t\t\t<\/div>\n\t\t","protected":false},"excerpt":{"rendered":"<p>51e assembl\u00e9e g\u00e9n\u00e9rale annuelle du Conseil de conservation du Nouveau-Brunswick Nous passons en mode virtuel!\u00a0 Chers membres, supporteurs, amis et N\u00e9o-Brunswickois de la Baie de Chaleur \u00e0 la Baie de Fundy, nous esp\u00e9rons que vous pourrez participer \u00e0 notre 51e assembl\u00e9e g\u00e9n\u00e9rale annuelle pr\u00e9vue le samedi 21 novembre 2020, de 10 h \u00e0 12 h [&hellip;]<\/p>\n","protected":false},"author":22,"featured_media":144071,"comment_status":"closed","ping_status":"closed","sticky":false,"template":"","format":"standard","meta":{"site-sidebar-layout":"default","site-content-layout":"default","ast-site-content-layout":"default","site-content-style":"default","site-sidebar-style":"default","ast-global-header-display":"","ast-banner-title-visibility":"","ast-main-header-display":"","ast-hfb-above-header-display":"","ast-hfb-below-header-display":"","ast-hfb-mobile-header-display":"","site-post-title":"","ast-breadcrumbs-content":"","ast-featured-img":"","footer-sml-layout":"","ast-disable-related-posts":"","theme-transparent-header-meta":"default","adv-header-id-meta":"","stick-header-meta":"","header-above-stick-meta":"","header-main-stick-meta":"","header-below-stick-meta":"","astra-migrate-meta-layouts":"default","ast-page-background-enabled":"default","ast-page-background-meta":{"desktop":{"background-color":"","background-image":"","background-repeat":"repeat","background-position":"center center","background-size":"auto","background-attachment":"scroll","background-type":"","background-media":"","overlay-type":"","overlay-color":"","overlay-opacity":"","overlay-gradient":""},"tablet":{"background-color":"","background-image":"","background-repeat":"repeat","background-position":"center center","background-size":"auto","background-attachment":"scroll","background-type":"","background-media":"","overlay-type":"","overlay-color":"","overlay-opacity":"","overlay-gradient":""},"mobile":{"background-color":"","background-image":"","background-repeat":"repeat","background-position":"center center","background-size":"auto","background-attachment":"scroll","background-type":"","background-media":"","overlay-type":"","overlay-color":"","overlay-opacity":"","overlay-gradient":""}},"ast-content-background-meta":{"desktop":{"background-color":"var(--ast-global-color-5)","background-image":"","background-repeat":"repeat","background-position":"center center","background-size":"auto","background-attachment":"scroll","background-type":"","background-media":"","overlay-type":"","overlay-color":"","overlay-opacity":"","overlay-gradient":""},"tablet":{"background-color":"var(--ast-global-color-5)","background-image":"","background-repeat":"repeat","background-position":"center center","background-size":"auto","background-attachment":"scroll","background-type":"","background-media":"","overlay-type":"","overlay-color":"","overlay-opacity":"","overlay-gradient":""},"mobile":{"background-color":"var(--ast-global-color-5)","background-image":"","background-repeat":"repeat","background-position":"center center","background-size":"auto","background-attachment":"scroll","background-type":"","background-media":"","overlay-type":"","overlay-color":"","overlay-opacity":"","overlay-gradient":""}},"footnotes":""},"categories":[175,170],"tags":[],"class_list":["post-158126","post","type-post","status-publish","format-standard","has-post-thumbnail","hentry","category-activisme-et-evenements","category-blog-ccnb-fr"],"_links":{"self":[{"href":"https:\/\/www.conservationcouncil.ca\/fr\/wp-json\/wp\/v2\/posts\/158126","targetHints":{"allow":["GET"]}}],"collection":[{"href":"https:\/\/www.conservationcouncil.ca\/fr\/wp-json\/wp\/v2\/posts"}],"about":[{"href":"https:\/\/www.conservationcouncil.ca\/fr\/wp-json\/wp\/v2\/types\/post"}],"author":[{"embeddable":true,"href":"https:\/\/www.conservationcouncil.ca\/fr\/wp-json\/wp\/v2\/users\/22"}],"replies":[{"embeddable":true,"href":"https:\/\/www.conservationcouncil.ca\/fr\/wp-json\/wp\/v2\/comments?post=158126"}],"version-history":[{"count":0,"href":"https:\/\/www.conservationcouncil.ca\/fr\/wp-json\/wp\/v2\/posts\/158126\/revisions"}],"wp:featuredmedia":[{"embeddable":true,"href":"https:\/\/www.conservationcouncil.ca\/fr\/wp-json\/wp\/v2\/media\/144071"}],"wp:attachment":[{"href":"https:\/\/www.conservationcouncil.ca\/fr\/wp-json\/wp\/v2\/media?parent=158126"}],"wp:term":[{"taxonomy":"category","embeddable":true,"href":"https:\/\/www.conservationcouncil.ca\/fr\/wp-json\/wp\/v2\/categories?post=158126"},{"taxonomy":"post_tag","embeddable":true,"href":"https:\/\/www.conservationcouncil.ca\/fr\/wp-json\/wp\/v2\/tags?post=158126"}],"curies":[{"name":"wp","href":"https:\/\/api.w.org\/{rel}","templated":true}]}}